{"id":2945,"date":"2023-02-01T08:16:32","date_gmt":"2023-02-01T08:16:32","guid":{"rendered":"https:\/\/loh.de\/das-wind-an-land-gesetzespaket-tritt-in-kraft-eine-revolution-bei-den-rechtlichen-rahmenbedingungen-zum-ausbau-von-windenergieanlagen\/"},"modified":"2023-02-01T08:16:32","modified_gmt":"2023-02-01T08:16:32","slug":"das-wind-an-land-gesetzespaket-tritt-in-kraft-eine-revolution-bei-den-rechtlichen-rahmenbedingungen-zum-ausbau-von-windenergieanlagen","status":"publish","type":"post","link":"https:\/\/loh.de\/en\/das-wind-an-land-gesetzespaket-tritt-in-kraft-eine-revolution-bei-den-rechtlichen-rahmenbedingungen-zum-ausbau-von-windenergieanlagen\/","title":{"rendered":"Das Wind-an-Land-Gesetzespaket tritt in Kraft \u2013 eine Revolution bei den rechtlichen Rahmenbedingungen zum Ausbau von Windenergieanlagen"},"content":{"rendered":"\n<p>Zum 1. Februar 2023 treten die meisten Neuregelungen des \u201e<a href=\"https:\/\/www.bgbl.de\/xaver\/bgbl\/start.xav?startbk=Bundesanzeiger_BGBl&amp;start=%2F%2F%2A%5B%40attr_id=%27bgbl122s1353.pdf%27%5D#__bgbl__%2F%2F*%5B%40attr_id%3D%27bgbl122s1353.pdf%27%5D__1675101613366\" target=\"_blank\" rel=\"noreferrer noopener\">Gesetzes zur Erh\u00f6hung und Beschleunigung des Ausbaus von Windenergieanlagen an Land\u201c (sog. Wind-an-Land-Gesetz)<\/a> in Kraft. Tats\u00e4chlich handelt es sich nicht nur um ein Gesetz, sondern um ein ganzes Gesetzespaket, das bereits im Bundesgesetzblatt vom 28. Juli 2022 (BGBL. I S. 1353 ff.) bekannt gemacht worden war.<\/p>\n\n\n\n<p>Zu den gesetzlichen Neuregelungen geh\u00f6ren unter anderem das Windenergiefl\u00e4chenbedarfsgesetz (WindBG), das u.a. bestimmt, was \u201eWindenergiegebiete\u201c sind, welche Fl\u00e4chenziele die einzelnen Bundesl\u00e4nder jeweils erreichen m\u00fcssen und welche Fl\u00e4chen k\u00fcnftig anrechenbar sind. Zu den Neuregelungen geh\u00f6ren auch \u00c4nderungen im Baugesetzbuch, im Raumordnungsgesetz und im Erneuerbaren-Energien-Gesetz (EEG). \u00a7 249 Abs. 1 BauGB n.F. regelt z.B., dass \u00a7 35 Abs. 3 Satz 3 BauGB (Ausschlusswirkung) auf Windenergieanlagen grunds\u00e4tzlich nicht mehr anwendbar ist. \u00dcbergangsregelungen f\u00fcr bestehende Regionalpl\u00e4ne spielen insoweit jedenfalls in Brandenburg keine Rolle, da keine der f\u00fcnf Regionalen Planungsgemeinschaften in Brandenburg rechtzeitig Ausweisungen nach altem Recht vornehmen konnte. Folge im Land Brandenburg ist, dass es bis zum Inkrafttreten der neuen Regionalpl\u00e4ne keine gro\u00dffl\u00e4chige Steuerung f\u00fcr die Errichtung von Windenergieanlagen gibt. Das Land hatte das Windkraft-Moratorium zur Sicherung der in Aufstellung befindlichen Regionalpl\u00e4ne mit Blick auf den Wegfall der Ausschlusswirkung schon im November 2022 aufgehoben und dabei auch deutlich gemacht, dass es zur Sicherung der neuen Pl\u00e4ne keine landesplanerischen Untersagungen geben wird (ABl. Bbg. v. 16.11.2022, S. 899). Das Brandenburgische Windenergieanlagenabstandsgesetz (1.000 m zur Wohnbebauung) bleibt aber zun\u00e4chst bestehen. Es kippt nur dann, wenn die Fl\u00e4chenbeitragswerte nicht fristgerecht erreicht werden sollten.<\/p>\n\n\n\n<p>Mit dem Wind-an-Land-Gesetzespaket wird die bisherige Rechtslage nicht nur ein bisschen reformiert. Die Neuregelungen, die nunmehr in Kraft treten, sind vielmehr eine gesetzgeberische Revolution. F\u00fcr die Regionalplanung soll es k\u00fcnftig einfacher werden: keine gesamtr\u00e4umlichen Planungskonzepte mehr, keine \u201eharten\u201c und \u201eweichen\u201c Tabuzonen und f\u00fcr die Rechtswirksamkeit soll es k\u00fcnftig unbeachtlich sein, ob und welche Fl\u00e4chen im Planungsraum neben den dann ausgewiesenen Windenergiegebieten noch f\u00fcr die Ausweisung geeignet w\u00e4ren (vgl. \u00a7 249 Abs. 6 BauGB n.F.). Auch f\u00fcr Projektentwickler und Windenergieanlagenbetreiber soll es k\u00fcnftig leichter werden. Insbesondere \u00a7 45b BNatSchG n.F. zum Artenschutz mit den bundeseinheitlich vorgegebenen Abst\u00e4nden und Pr\u00fcfbereichen f\u00fcr sch\u00fctzenswerte Brutvogelarten soll zur Beschleunigung in den Genehmigungsverfahren beitragen. Dazu kommen die Neuregelungen zum Repowering, wonach der Ersatz von Altanlagen durch neue k\u00fcnftig auch au\u00dferhalb der Windenergiegebiete zul\u00e4ssig sein wird. Den Gemeinden steht es frei, zus\u00e4tzliche Fl\u00e4chen f\u00fcr Windenergieanlagen in ihren Bauleitpl\u00e4nen auszuweisen. Einschr\u00e4nkende Festsetzungen, etwa H\u00f6henbeschr\u00e4nkungen in Bauleitpl\u00e4nen, f\u00fchren hingegen dazu, dass diese Fl\u00e4chen auf die zu erzielenden Fl\u00e4chenbeitragswerte nicht angerechnet werden d\u00fcrfen (vgl. \u00a7 4 Abs. 1 WindBG). Nun wird es darum gehen, die zahlreichen Neuregelungen mit Leben zu erf\u00fcllen. Dabei unterst\u00fctzen wir Sie gern. <\/p>\n","protected":false},"excerpt":{"rendered":"<p>Zum 1. Februar 2023 treten die meisten Neuregelungen des \u201eGesetzes zur Erh\u00f6hung und Beschleunigung des Ausbaus von Windenergieanlagen an Land\u201c (sog. Wind-an-Land-Gesetz) in Kraft. Tats\u00e4chlich&#8230;<\/p>\n","protected":false},"author":3,"featured_media":0,"comment_status":"closed","ping_status":"open","sticky":false,"template":"","format":"standard","meta":{"_acf_changed":false,"footnotes":""},"categories":[12],"tags":[464,465,466,467,468],"class_list":["post-2945","post","type-post","status-publish","format-standard","hentry","category-unkategorisiert-en","tag-neuregelungen-en","tag-regionalplaene-en","tag-wind-an-land-gesetz-en","tag-windbg-en","tag-windenergieanlagen-en"],"acf":[],"yoast_head":"<!-- This site is optimized with the Yoast SEO plugin v27.2 - https:\/\/yoast.com\/product\/yoast-seo-wordpress\/ -->\n<title>Das Wind-an-Land-Gesetzespaket tritt in Kraft \u2013 eine Revolution bei den rechtlichen Rahmenbedingungen zum Ausbau von Windenergieanlagen - LOH<\/title>\n<meta name=\"robots\" content=\"index, follow, max-snippet:-1, max-image-preview:large, max-video-preview:-1\" \/>\n<link rel=\"canonical\" href=\"https:\/\/loh.de\/das-wind-an-land-gesetzespaket-tritt-in-kraft-eine-revolution-bei-den-rechtlichen-rahmenbedingungen-zum-ausbau-von-windenergieanlagen\/\" \/>\n<meta property=\"og:locale\" content=\"en_US\" \/>\n<meta property=\"og:type\" content=\"article\" \/>\n<meta property=\"og:title\" content=\"Das Wind-an-Land-Gesetzespaket tritt in Kraft \u2013 eine Revolution bei den rechtlichen Rahmenbedingungen zum Ausbau von Windenergieanlagen - LOH\" \/>\n<meta property=\"og:description\" content=\"Zum 1. Februar 2023 treten die meisten Neuregelungen des \u201eGesetzes zur Erh\u00f6hung und Beschleunigung des Ausbaus von Windenergieanlagen an Land\u201c (sog. Wind-an-Land-Gesetz) in Kraft. Tats\u00e4chlich...\" \/>\n<meta property=\"og:url\" content=\"https:\/\/loh.de\/das-wind-an-land-gesetzespaket-tritt-in-kraft-eine-revolution-bei-den-rechtlichen-rahmenbedingungen-zum-ausbau-von-windenergieanlagen\/\" \/>\n<meta property=\"og:site_name\" content=\"LOH\" \/>\n<meta property=\"article:published_time\" content=\"2023-02-01T08:16:32+00:00\" \/>\n<meta name=\"author\" content=\"Loh\" \/>\n<meta name=\"twitter:card\" content=\"summary_large_image\" \/>\n<meta name=\"twitter:label1\" content=\"Written by\" \/>\n\t<meta name=\"twitter:data1\" content=\"Loh\" \/>\n\t<meta name=\"twitter:label2\" content=\"Est. reading time\" \/>\n\t<meta name=\"twitter:data2\" content=\"3 minutes\" \/>\n<script type=\"application\/ld+json\" class=\"yoast-schema-graph\">{\"@context\":\"https:\/\/schema.org\",\"@graph\":[{\"@type\":\"Article\",\"@id\":\"https:\/\/loh.de\/das-wind-an-land-gesetzespaket-tritt-in-kraft-eine-revolution-bei-den-rechtlichen-rahmenbedingungen-zum-ausbau-von-windenergieanlagen\/#article\",\"isPartOf\":{\"@id\":\"https:\/\/loh.de\/das-wind-an-land-gesetzespaket-tritt-in-kraft-eine-revolution-bei-den-rechtlichen-rahmenbedingungen-zum-ausbau-von-windenergieanlagen\/\"},\"author\":{\"name\":\"Loh\",\"@id\":\"https:\/\/loh.de\/#\/schema\/person\/438992fb0c51680e466b37bc6b03449e\"},\"headline\":\"Das Wind-an-Land-Gesetzespaket tritt in Kraft \u2013 eine Revolution bei den rechtlichen Rahmenbedingungen zum Ausbau von Windenergieanlagen\",\"datePublished\":\"2023-02-01T08:16:32+00:00\",\"mainEntityOfPage\":{\"@id\":\"https:\/\/loh.de\/das-wind-an-land-gesetzespaket-tritt-in-kraft-eine-revolution-bei-den-rechtlichen-rahmenbedingungen-zum-ausbau-von-windenergieanlagen\/\"},\"wordCount\":477,\"keywords\":[\"Neuregelungen\",\"Regionalpl\u00e4ne\",\"Wind-an-Land-Gesetz\",\"WindBG\",\"Windenergieanlagen\"],\"articleSection\":[\"Unkategorisiert\"],\"inLanguage\":\"en-US\"},{\"@type\":\"WebPage\",\"@id\":\"https:\/\/loh.de\/das-wind-an-land-gesetzespaket-tritt-in-kraft-eine-revolution-bei-den-rechtlichen-rahmenbedingungen-zum-ausbau-von-windenergieanlagen\/\",\"url\":\"https:\/\/loh.de\/das-wind-an-land-gesetzespaket-tritt-in-kraft-eine-revolution-bei-den-rechtlichen-rahmenbedingungen-zum-ausbau-von-windenergieanlagen\/\",\"name\":\"Das Wind-an-Land-Gesetzespaket tritt in Kraft \u2013 eine Revolution bei den rechtlichen Rahmenbedingungen zum Ausbau von Windenergieanlagen - LOH\",\"isPartOf\":{\"@id\":\"https:\/\/loh.de\/#website\"},\"datePublished\":\"2023-02-01T08:16:32+00:00\",\"author\":{\"@id\":\"https:\/\/loh.de\/#\/schema\/person\/438992fb0c51680e466b37bc6b03449e\"},\"breadcrumb\":{\"@id\":\"https:\/\/loh.de\/das-wind-an-land-gesetzespaket-tritt-in-kraft-eine-revolution-bei-den-rechtlichen-rahmenbedingungen-zum-ausbau-von-windenergieanlagen\/#breadcrumb\"},\"inLanguage\":\"en-US\",\"potentialAction\":[{\"@type\":\"ReadAction\",\"target\":[\"https:\/\/loh.de\/das-wind-an-land-gesetzespaket-tritt-in-kraft-eine-revolution-bei-den-rechtlichen-rahmenbedingungen-zum-ausbau-von-windenergieanlagen\/\"]}]},{\"@type\":\"BreadcrumbList\",\"@id\":\"https:\/\/loh.de\/das-wind-an-land-gesetzespaket-tritt-in-kraft-eine-revolution-bei-den-rechtlichen-rahmenbedingungen-zum-ausbau-von-windenergieanlagen\/#breadcrumb\",\"itemListElement\":[{\"@type\":\"ListItem\",\"position\":1,\"name\":\"Home\",\"item\":\"https:\/\/loh.de\/en\/\"},{\"@type\":\"ListItem\",\"position\":2,\"name\":\"Das Wind-an-Land-Gesetzespaket tritt in Kraft \u2013 eine Revolution bei den rechtlichen Rahmenbedingungen zum Ausbau von Windenergieanlagen\"}]},{\"@type\":\"WebSite\",\"@id\":\"https:\/\/loh.de\/#website\",\"url\":\"https:\/\/loh.de\/\",\"name\":\"LOH\",\"description\":\"Rechtsanw\u00e4lte\",\"potentialAction\":[{\"@type\":\"SearchAction\",\"target\":{\"@type\":\"EntryPoint\",\"urlTemplate\":\"https:\/\/loh.de\/?s={search_term_string}\"},\"query-input\":{\"@type\":\"PropertyValueSpecification\",\"valueRequired\":true,\"valueName\":\"search_term_string\"}}],\"inLanguage\":\"en-US\"},{\"@type\":\"Person\",\"@id\":\"https:\/\/loh.de\/#\/schema\/person\/438992fb0c51680e466b37bc6b03449e\",\"name\":\"Loh\",\"image\":{\"@type\":\"ImageObject\",\"inLanguage\":\"en-US\",\"@id\":\"https:\/\/secure.gravatar.com\/avatar\/3668b88b6ec904780f61032be3208a31984cd8a3507a64ead0e1836e321a922a?s=96&d=mm&r=g\",\"url\":\"https:\/\/secure.gravatar.com\/avatar\/3668b88b6ec904780f61032be3208a31984cd8a3507a64ead0e1836e321a922a?s=96&d=mm&r=g\",\"contentUrl\":\"https:\/\/secure.gravatar.com\/avatar\/3668b88b6ec904780f61032be3208a31984cd8a3507a64ead0e1836e321a922a?s=96&d=mm&r=g\",\"caption\":\"Loh\"},\"url\":\"https:\/\/loh.de\/en\/author\/lohrechtsanwaelte\/\"}]}<\/script>\n<!-- \/ Yoast SEO plugin. -->","yoast_head_json":{"title":"Das Wind-an-Land-Gesetzespaket tritt in Kraft \u2013 eine Revolution bei den rechtlichen Rahmenbedingungen zum Ausbau von Windenergieanlagen - LOH","robots":{"index":"index","follow":"follow","max-snippet":"max-snippet:-1","max-image-preview":"max-image-preview:large","max-video-preview":"max-video-preview:-1"},"canonical":"https:\/\/loh.de\/das-wind-an-land-gesetzespaket-tritt-in-kraft-eine-revolution-bei-den-rechtlichen-rahmenbedingungen-zum-ausbau-von-windenergieanlagen\/","og_locale":"en_US","og_type":"article","og_title":"Das Wind-an-Land-Gesetzespaket tritt in Kraft \u2013 eine Revolution bei den rechtlichen Rahmenbedingungen zum Ausbau von Windenergieanlagen - LOH","og_description":"Zum 1. Februar 2023 treten die meisten Neuregelungen des \u201eGesetzes zur Erh\u00f6hung und Beschleunigung des Ausbaus von Windenergieanlagen an Land\u201c (sog. Wind-an-Land-Gesetz) in Kraft. Tats\u00e4chlich...","og_url":"https:\/\/loh.de\/das-wind-an-land-gesetzespaket-tritt-in-kraft-eine-revolution-bei-den-rechtlichen-rahmenbedingungen-zum-ausbau-von-windenergieanlagen\/","og_site_name":"LOH","article_published_time":"2023-02-01T08:16:32+00:00","author":"Loh","twitter_card":"summary_large_image","twitter_misc":{"Written by":"Loh","Est. reading time":"3 minutes"},"schema":{"@context":"https:\/\/schema.org","@graph":[{"@type":"Article","@id":"https:\/\/loh.de\/das-wind-an-land-gesetzespaket-tritt-in-kraft-eine-revolution-bei-den-rechtlichen-rahmenbedingungen-zum-ausbau-von-windenergieanlagen\/#article","isPartOf":{"@id":"https:\/\/loh.de\/das-wind-an-land-gesetzespaket-tritt-in-kraft-eine-revolution-bei-den-rechtlichen-rahmenbedingungen-zum-ausbau-von-windenergieanlagen\/"},"author":{"name":"Loh","@id":"https:\/\/loh.de\/#\/schema\/person\/438992fb0c51680e466b37bc6b03449e"},"headline":"Das Wind-an-Land-Gesetzespaket tritt in Kraft \u2013 eine Revolution bei den rechtlichen Rahmenbedingungen zum Ausbau von Windenergieanlagen","datePublished":"2023-02-01T08:16:32+00:00","mainEntityOfPage":{"@id":"https:\/\/loh.de\/das-wind-an-land-gesetzespaket-tritt-in-kraft-eine-revolution-bei-den-rechtlichen-rahmenbedingungen-zum-ausbau-von-windenergieanlagen\/"},"wordCount":477,"keywords":["Neuregelungen","Regionalpl\u00e4ne","Wind-an-Land-Gesetz","WindBG","Windenergieanlagen"],"articleSection":["Unkategorisiert"],"inLanguage":"en-US"},{"@type":"WebPage","@id":"https:\/\/loh.de\/das-wind-an-land-gesetzespaket-tritt-in-kraft-eine-revolution-bei-den-rechtlichen-rahmenbedingungen-zum-ausbau-von-windenergieanlagen\/","url":"https:\/\/loh.de\/das-wind-an-land-gesetzespaket-tritt-in-kraft-eine-revolution-bei-den-rechtlichen-rahmenbedingungen-zum-ausbau-von-windenergieanlagen\/","name":"Das Wind-an-Land-Gesetzespaket tritt in Kraft \u2013 eine Revolution bei den rechtlichen Rahmenbedingungen zum Ausbau von Windenergieanlagen - LOH","isPartOf":{"@id":"https:\/\/loh.de\/#website"},"datePublished":"2023-02-01T08:16:32+00:00","author":{"@id":"https:\/\/loh.de\/#\/schema\/person\/438992fb0c51680e466b37bc6b03449e"},"breadcrumb":{"@id":"https:\/\/loh.de\/das-wind-an-land-gesetzespaket-tritt-in-kraft-eine-revolution-bei-den-rechtlichen-rahmenbedingungen-zum-ausbau-von-windenergieanlagen\/#breadcrumb"},"inLanguage":"en-US","potentialAction":[{"@type":"ReadAction","target":["https:\/\/loh.de\/das-wind-an-land-gesetzespaket-tritt-in-kraft-eine-revolution-bei-den-rechtlichen-rahmenbedingungen-zum-ausbau-von-windenergieanlagen\/"]}]},{"@type":"BreadcrumbList","@id":"https:\/\/loh.de\/das-wind-an-land-gesetzespaket-tritt-in-kraft-eine-revolution-bei-den-rechtlichen-rahmenbedingungen-zum-ausbau-von-windenergieanlagen\/#breadcrumb","itemListElement":[{"@type":"ListItem","position":1,"name":"Home","item":"https:\/\/loh.de\/en\/"},{"@type":"ListItem","position":2,"name":"Das Wind-an-Land-Gesetzespaket tritt in Kraft \u2013 eine Revolution bei den rechtlichen Rahmenbedingungen zum Ausbau von Windenergieanlagen"}]},{"@type":"WebSite","@id":"https:\/\/loh.de\/#website","url":"https:\/\/loh.de\/","name":"LOH","description":"Rechtsanw\u00e4lte","potentialAction":[{"@type":"SearchAction","target":{"@type":"EntryPoint","urlTemplate":"https:\/\/loh.de\/?s={search_term_string}"},"query-input":{"@type":"PropertyValueSpecification","valueRequired":true,"valueName":"search_term_string"}}],"inLanguage":"en-US"},{"@type":"Person","@id":"https:\/\/loh.de\/#\/schema\/person\/438992fb0c51680e466b37bc6b03449e","name":"Loh","image":{"@type":"ImageObject","inLanguage":"en-US","@id":"https:\/\/secure.gravatar.com\/avatar\/3668b88b6ec904780f61032be3208a31984cd8a3507a64ead0e1836e321a922a?s=96&d=mm&r=g","url":"https:\/\/secure.gravatar.com\/avatar\/3668b88b6ec904780f61032be3208a31984cd8a3507a64ead0e1836e321a922a?s=96&d=mm&r=g","contentUrl":"https:\/\/secure.gravatar.com\/avatar\/3668b88b6ec904780f61032be3208a31984cd8a3507a64ead0e1836e321a922a?s=96&d=mm&r=g","caption":"Loh"},"url":"https:\/\/loh.de\/en\/author\/lohrechtsanwaelte\/"}]}},"_links":{"self":[{"href":"https:\/\/loh.de\/en\/wp-json\/wp\/v2\/posts\/2945","targetHints":{"allow":["GET"]}}],"collection":[{"href":"https:\/\/loh.de\/en\/wp-json\/wp\/v2\/posts"}],"about":[{"href":"https:\/\/loh.de\/en\/wp-json\/wp\/v2\/types\/post"}],"author":[{"embeddable":true,"href":"https:\/\/loh.de\/en\/wp-json\/wp\/v2\/users\/3"}],"replies":[{"embeddable":true,"href":"https:\/\/loh.de\/en\/wp-json\/wp\/v2\/comments?post=2945"}],"version-history":[{"count":0,"href":"https:\/\/loh.de\/en\/wp-json\/wp\/v2\/posts\/2945\/revisions"}],"wp:attachment":[{"href":"https:\/\/loh.de\/en\/wp-json\/wp\/v2\/media?parent=2945"}],"wp:term":[{"taxonomy":"category","embeddable":true,"href":"https:\/\/loh.de\/en\/wp-json\/wp\/v2\/categories?post=2945"},{"taxonomy":"post_tag","embeddable":true,"href":"https:\/\/loh.de\/en\/wp-json\/wp\/v2\/tags?post=2945"}],"curies":[{"name":"wp","href":"https:\/\/api.w.org\/{rel}","templated":true}]}}